{"id":3461,"date":"2024-12-13T15:00:45","date_gmt":"2024-12-13T14:00:45","guid":{"rendered":"https:\/\/pkf.hu\/?p=3461"},"modified":"2024-12-13T16:23:28","modified_gmt":"2024-12-13T15:23:28","slug":"the-vat-credit-may-only-be-utilised-during-the-operation-of-the-taxable-person","status":"publish","type":"post","link":"https:\/\/pkf.hu\/en\/2024\/12\/13\/the-vat-credit-may-only-be-utilised-during-the-operation-of-the-taxable-person\/","title":{"rendered":"The VAT credit may only be utilised during the operation of the taxable person"},"content":{"rendered":"<p><b>C\u2011680\/23. \u2013 Modexel<\/b><\/p>\n<p>The ECJ held in Modexel case that in the case of cessation and resumption of the economic activity, the taxable person may not carry excess VAT, declared at the time of that cessation of activity, forward to a period after the resumption.<\/p>\n<p>The plaintiff of the background case ceased its economic activity from 28 February 2015 and set out a VAT credit of more than twelve thousand euros in its closing VAT return. That VAT credit was however not reclaimed within the twelve-month forfeit deadline provided by the Portuguese law, but the plaintiff declared it as a recoverable VAT in May 2016 when they resumed their economic activity.<\/p>\n<p>The Portuguese tax authority refused the VAT deduction on the ground that the plaintiff missed the forfeit deadline for the VAT reclaim. The plaintiff lodged an administrative act against the tax authority\u2019s decision before the Administrative and Tax Court of Funchal which referred the case to the ECJ as the court found that it is unclear from the regulation what is meant by \u201cfollowing period\u201d for the purposes of the utilisation of the VAT credit; is it referring to the period immediately following, in the calendar, the period in respect of which the VAT credit was declared or there can be breaks between the periods.<\/p>\n<p>The ECJ took the view that an interpretation giving an economic operator the possibility of carrying forward, after resumption of an economic activity, excess VAT declared when the previous activity ceased could encourage abuse and the establishment of artificial arrangements by economic operators.<\/p>\n<p>The court held that an operator who ceases economic activity also ceases to be a taxable person for VAT purposes, namely there is no \u2018following period\u2019 after the termination of the activity nor \u2018previous period\u2019 when the activity is resumed. The court has also confirmed that it is in accordance with the principles of the common system of VAT if a Member State sets out a twelve-month forfeit deadline for the VAT reclaim in case of termination of the business activity.<\/p>\n<p><a href=\"https:\/\/curia.europa.eu\/juris\/document\/document.jsf?text=&amp;docid=292979&amp;pageIndex=0&amp;doclang=EN&amp;mode=lst&amp;dir=&amp;occ=first&amp;part=1&amp;cid=1478114\">Full English text of the judgement<\/a><\/p>\n","protected":false},"excerpt":{"rendered":"<p>C\u2011680\/23. \u2013 Modexel The ECJ held in Modexel case that [&hellip;]<\/p>\n","protected":false},"author":6,"featured_media":3465,"comment_status":"open","ping_status":"open","sticky":false,"template":"","format":"standard","meta":{"_acf_changed":false,"footnotes":""},"categories":[685],"tags":[],"class_list":["post-3461","post","type-post","status-publish","format-standard","has-post-thumbnail","hentry","category-ecj-judgments"],"acf":[],"yoast_head":"<!-- This site is optimized with the Yoast SEO plugin v27.4 - https:\/\/yoast.com\/product\/yoast-seo-wordpress\/ -->\n<title>The VAT credit may only be utilised during the operation of the taxable person - PKF Hungary<\/title>\n<meta name=\"robots\" content=\"index, follow, max-snippet:-1, max-image-preview:large, max-video-preview:-1\" \/>\n<link rel=\"canonical\" href=\"https:\/\/pkf.hu\/en\/2024\/12\/13\/the-vat-credit-may-only-be-utilised-during-the-operation-of-the-taxable-person\/\" \/>\n<meta property=\"og:locale\" content=\"en_US\" \/>\n<meta property=\"og:type\" content=\"article\" \/>\n<meta property=\"og:title\" content=\"The VAT credit may only be utilised during the operation of the taxable person - PKF Hungary\" \/>\n<meta property=\"og:description\" content=\"C\u2011680\/23. \u2013 Modexel The ECJ held in Modexel case that [&hellip;]\" \/>\n<meta property=\"og:url\" content=\"https:\/\/pkf.hu\/en\/2024\/12\/13\/the-vat-credit-may-only-be-utilised-during-the-operation-of-the-taxable-person\/\" \/>\n<meta property=\"og:site_name\" content=\"PKF Hungary\" \/>\n<meta property=\"article:publisher\" content=\"https:\/\/www.facebook.com\/PKF.Hungary\/\" \/>\n<meta property=\"article:published_time\" content=\"2024-12-13T14:00:45+00:00\" \/>\n<meta property=\"article:modified_time\" content=\"2024-12-13T15:23:28+00:00\" \/>\n<meta property=\"og:image\" content=\"https:\/\/pkf.hu\/wp-content\/uploads\/2024\/12\/pexels-jakubzerdzicki-16098005.jpg\" \/>\n\t<meta property=\"og:image:width\" content=\"2550\" \/>\n\t<meta property=\"og:image:height\" content=\"1700\" \/>\n\t<meta property=\"og:image:type\" content=\"image\/jpeg\" \/>\n<meta name=\"author\" content=\"Sel\u00e9nyi Andr\u00e1s\" \/>\n<meta name=\"twitter:card\" content=\"summary_large_image\" \/>\n<meta name=\"twitter:label1\" content=\"Written by\" \/>\n\t<meta name=\"twitter:data1\" content=\"Sel\u00e9nyi Andr\u00e1s\" \/>\n\t<meta name=\"twitter:label2\" content=\"Est. reading time\" \/>\n\t<meta name=\"twitter:data2\" content=\"3 minutes\" \/>\n<script type=\"application\/ld+json\" class=\"yoast-schema-graph\">{\"@context\":\"https:\\\/\\\/schema.org\",\"@graph\":[{\"@type\":\"Article\",\"@id\":\"https:\\\/\\\/pkf.hu\\\/en\\\/2024\\\/12\\\/13\\\/the-vat-credit-may-only-be-utilised-during-the-operation-of-the-taxable-person\\\/#article\",\"isPartOf\":{\"@id\":\"https:\\\/\\\/pkf.hu\\\/en\\\/2024\\\/12\\\/13\\\/the-vat-credit-may-only-be-utilised-during-the-operation-of-the-taxable-person\\\/\"},\"author\":{\"name\":\"Sel\u00e9nyi Andr\u00e1s\",\"@id\":\"https:\\\/\\\/pkf.hu\\\/en\\\/#\\\/schema\\\/person\\\/81ea83c7efe34cb944392c7310915eaf\"},\"headline\":\"The VAT credit may only be utilised during the operation of the taxable person\",\"datePublished\":\"2024-12-13T14:00:45+00:00\",\"dateModified\":\"2024-12-13T15:23:28+00:00\",\"mainEntityOfPage\":{\"@id\":\"https:\\\/\\\/pkf.hu\\\/en\\\/2024\\\/12\\\/13\\\/the-vat-credit-may-only-be-utilised-during-the-operation-of-the-taxable-person\\\/\"},\"wordCount\":357,\"commentCount\":0,\"image\":{\"@id\":\"https:\\\/\\\/pkf.hu\\\/en\\\/2024\\\/12\\\/13\\\/the-vat-credit-may-only-be-utilised-during-the-operation-of-the-taxable-person\\\/#primaryimage\"},\"thumbnailUrl\":\"https:\\\/\\\/pkf.hu\\\/wp-content\\\/uploads\\\/2024\\\/12\\\/pexels-jakubzerdzicki-16098005.jpg\",\"articleSection\":[\"ECJ judgments\"],\"inLanguage\":\"en-US\",\"potentialAction\":[{\"@type\":\"CommentAction\",\"name\":\"Comment\",\"target\":[\"https:\\\/\\\/pkf.hu\\\/en\\\/2024\\\/12\\\/13\\\/the-vat-credit-may-only-be-utilised-during-the-operation-of-the-taxable-person\\\/#respond\"]}]},{\"@type\":\"WebPage\",\"@id\":\"https:\\\/\\\/pkf.hu\\\/en\\\/2024\\\/12\\\/13\\\/the-vat-credit-may-only-be-utilised-during-the-operation-of-the-taxable-person\\\/\",\"url\":\"https:\\\/\\\/pkf.hu\\\/en\\\/2024\\\/12\\\/13\\\/the-vat-credit-may-only-be-utilised-during-the-operation-of-the-taxable-person\\\/\",\"name\":\"The VAT credit may only be utilised during the operation of the taxable person - PKF Hungary\",\"isPartOf\":{\"@id\":\"https:\\\/\\\/pkf.hu\\\/en\\\/#website\"},\"primaryImageOfPage\":{\"@id\":\"https:\\\/\\\/pkf.hu\\\/en\\\/2024\\\/12\\\/13\\\/the-vat-credit-may-only-be-utilised-during-the-operation-of-the-taxable-person\\\/#primaryimage\"},\"image\":{\"@id\":\"https:\\\/\\\/pkf.hu\\\/en\\\/2024\\\/12\\\/13\\\/the-vat-credit-may-only-be-utilised-during-the-operation-of-the-taxable-person\\\/#primaryimage\"},\"thumbnailUrl\":\"https:\\\/\\\/pkf.hu\\\/wp-content\\\/uploads\\\/2024\\\/12\\\/pexels-jakubzerdzicki-16098005.jpg\",\"datePublished\":\"2024-12-13T14:00:45+00:00\",\"dateModified\":\"2024-12-13T15:23:28+00:00\",\"author\":{\"@id\":\"https:\\\/\\\/pkf.hu\\\/en\\\/#\\\/schema\\\/person\\\/81ea83c7efe34cb944392c7310915eaf\"},\"breadcrumb\":{\"@id\":\"https:\\\/\\\/pkf.hu\\\/en\\\/2024\\\/12\\\/13\\\/the-vat-credit-may-only-be-utilised-during-the-operation-of-the-taxable-person\\\/#breadcrumb\"},\"inLanguage\":\"en-US\",\"potentialAction\":[{\"@type\":\"ReadAction\",\"target\":[\"https:\\\/\\\/pkf.hu\\\/en\\\/2024\\\/12\\\/13\\\/the-vat-credit-may-only-be-utilised-during-the-operation-of-the-taxable-person\\\/\"]}]},{\"@type\":\"ImageObject\",\"inLanguage\":\"en-US\",\"@id\":\"https:\\\/\\\/pkf.hu\\\/en\\\/2024\\\/12\\\/13\\\/the-vat-credit-may-only-be-utilised-during-the-operation-of-the-taxable-person\\\/#primaryimage\",\"url\":\"https:\\\/\\\/pkf.hu\\\/wp-content\\\/uploads\\\/2024\\\/12\\\/pexels-jakubzerdzicki-16098005.jpg\",\"contentUrl\":\"https:\\\/\\\/pkf.hu\\\/wp-content\\\/uploads\\\/2024\\\/12\\\/pexels-jakubzerdzicki-16098005.jpg\",\"width\":2550,\"height\":1700},{\"@type\":\"BreadcrumbList\",\"@id\":\"https:\\\/\\\/pkf.hu\\\/en\\\/2024\\\/12\\\/13\\\/the-vat-credit-may-only-be-utilised-during-the-operation-of-the-taxable-person\\\/#breadcrumb\",\"itemListElement\":[{\"@type\":\"ListItem\",\"position\":1,\"name\":\"Kezd\u0151lap\",\"item\":\"https:\\\/\\\/pkf.hu\\\/en\\\/\"},{\"@type\":\"ListItem\",\"position\":2,\"name\":\"The VAT credit may only be utilised during the operation of the taxable person\"}]},{\"@type\":\"WebSite\",\"@id\":\"https:\\\/\\\/pkf.hu\\\/en\\\/#website\",\"url\":\"https:\\\/\\\/pkf.hu\\\/en\\\/\",\"name\":\"PKF Hungary\",\"description\":\"\",\"potentialAction\":[{\"@type\":\"SearchAction\",\"target\":{\"@type\":\"EntryPoint\",\"urlTemplate\":\"https:\\\/\\\/pkf.hu\\\/en\\\/?s={search_term_string}\"},\"query-input\":{\"@type\":\"PropertyValueSpecification\",\"valueRequired\":true,\"valueName\":\"search_term_string\"}}],\"inLanguage\":\"en-US\"},{\"@type\":\"Person\",\"@id\":\"https:\\\/\\\/pkf.hu\\\/en\\\/#\\\/schema\\\/person\\\/81ea83c7efe34cb944392c7310915eaf\",\"name\":\"Sel\u00e9nyi Andr\u00e1s\",\"image\":{\"@type\":\"ImageObject\",\"inLanguage\":\"en-US\",\"@id\":\"https:\\\/\\\/secure.gravatar.com\\\/avatar\\\/c89371d108abb16d678df2df6d523a0e154958ecda01989676ddfc1b08e831b3?s=96&d=mm&r=g\",\"url\":\"https:\\\/\\\/secure.gravatar.com\\\/avatar\\\/c89371d108abb16d678df2df6d523a0e154958ecda01989676ddfc1b08e831b3?s=96&d=mm&r=g\",\"contentUrl\":\"https:\\\/\\\/secure.gravatar.com\\\/avatar\\\/c89371d108abb16d678df2df6d523a0e154958ecda01989676ddfc1b08e831b3?s=96&d=mm&r=g\",\"caption\":\"Sel\u00e9nyi Andr\u00e1s\"},\"sameAs\":[\"http:\\\/\\\/pkf.hu\"],\"url\":\"https:\\\/\\\/pkf.hu\\\/en\\\/author\\\/selenyi-andras\\\/\"}]}<\/script>\n<!-- \/ Yoast SEO plugin. -->","yoast_head_json":{"title":"The VAT credit may only be utilised during the operation of the taxable person - PKF Hungary","robots":{"index":"index","follow":"follow","max-snippet":"max-snippet:-1","max-image-preview":"max-image-preview:large","max-video-preview":"max-video-preview:-1"},"canonical":"https:\/\/pkf.hu\/en\/2024\/12\/13\/the-vat-credit-may-only-be-utilised-during-the-operation-of-the-taxable-person\/","og_locale":"en_US","og_type":"article","og_title":"The VAT credit may only be utilised during the operation of the taxable person - PKF Hungary","og_description":"C\u2011680\/23. \u2013 Modexel The ECJ held in Modexel case that [&hellip;]","og_url":"https:\/\/pkf.hu\/en\/2024\/12\/13\/the-vat-credit-may-only-be-utilised-during-the-operation-of-the-taxable-person\/","og_site_name":"PKF Hungary","article_publisher":"https:\/\/www.facebook.com\/PKF.Hungary\/","article_published_time":"2024-12-13T14:00:45+00:00","article_modified_time":"2024-12-13T15:23:28+00:00","og_image":[{"width":2550,"height":1700,"url":"https:\/\/pkf.hu\/wp-content\/uploads\/2024\/12\/pexels-jakubzerdzicki-16098005.jpg","type":"image\/jpeg"}],"author":"Sel\u00e9nyi Andr\u00e1s","twitter_card":"summary_large_image","twitter_misc":{"Written by":"Sel\u00e9nyi Andr\u00e1s","Est. reading time":"3 minutes"},"schema":{"@context":"https:\/\/schema.org","@graph":[{"@type":"Article","@id":"https:\/\/pkf.hu\/en\/2024\/12\/13\/the-vat-credit-may-only-be-utilised-during-the-operation-of-the-taxable-person\/#article","isPartOf":{"@id":"https:\/\/pkf.hu\/en\/2024\/12\/13\/the-vat-credit-may-only-be-utilised-during-the-operation-of-the-taxable-person\/"},"author":{"name":"Sel\u00e9nyi Andr\u00e1s","@id":"https:\/\/pkf.hu\/en\/#\/schema\/person\/81ea83c7efe34cb944392c7310915eaf"},"headline":"The VAT credit may only be utilised during the operation of the taxable person","datePublished":"2024-12-13T14:00:45+00:00","dateModified":"2024-12-13T15:23:28+00:00","mainEntityOfPage":{"@id":"https:\/\/pkf.hu\/en\/2024\/12\/13\/the-vat-credit-may-only-be-utilised-during-the-operation-of-the-taxable-person\/"},"wordCount":357,"commentCount":0,"image":{"@id":"https:\/\/pkf.hu\/en\/2024\/12\/13\/the-vat-credit-may-only-be-utilised-during-the-operation-of-the-taxable-person\/#primaryimage"},"thumbnailUrl":"https:\/\/pkf.hu\/wp-content\/uploads\/2024\/12\/pexels-jakubzerdzicki-16098005.jpg","articleSection":["ECJ judgments"],"inLanguage":"en-US","potentialAction":[{"@type":"CommentAction","name":"Comment","target":["https:\/\/pkf.hu\/en\/2024\/12\/13\/the-vat-credit-may-only-be-utilised-during-the-operation-of-the-taxable-person\/#respond"]}]},{"@type":"WebPage","@id":"https:\/\/pkf.hu\/en\/2024\/12\/13\/the-vat-credit-may-only-be-utilised-during-the-operation-of-the-taxable-person\/","url":"https:\/\/pkf.hu\/en\/2024\/12\/13\/the-vat-credit-may-only-be-utilised-during-the-operation-of-the-taxable-person\/","name":"The VAT credit may only be utilised during the operation of the taxable person - PKF Hungary","isPartOf":{"@id":"https:\/\/pkf.hu\/en\/#website"},"primaryImageOfPage":{"@id":"https:\/\/pkf.hu\/en\/2024\/12\/13\/the-vat-credit-may-only-be-utilised-during-the-operation-of-the-taxable-person\/#primaryimage"},"image":{"@id":"https:\/\/pkf.hu\/en\/2024\/12\/13\/the-vat-credit-may-only-be-utilised-during-the-operation-of-the-taxable-person\/#primaryimage"},"thumbnailUrl":"https:\/\/pkf.hu\/wp-content\/uploads\/2024\/12\/pexels-jakubzerdzicki-16098005.jpg","datePublished":"2024-12-13T14:00:45+00:00","dateModified":"2024-12-13T15:23:28+00:00","author":{"@id":"https:\/\/pkf.hu\/en\/#\/schema\/person\/81ea83c7efe34cb944392c7310915eaf"},"breadcrumb":{"@id":"https:\/\/pkf.hu\/en\/2024\/12\/13\/the-vat-credit-may-only-be-utilised-during-the-operation-of-the-taxable-person\/#breadcrumb"},"inLanguage":"en-US","potentialAction":[{"@type":"ReadAction","target":["https:\/\/pkf.hu\/en\/2024\/12\/13\/the-vat-credit-may-only-be-utilised-during-the-operation-of-the-taxable-person\/"]}]},{"@type":"ImageObject","inLanguage":"en-US","@id":"https:\/\/pkf.hu\/en\/2024\/12\/13\/the-vat-credit-may-only-be-utilised-during-the-operation-of-the-taxable-person\/#primaryimage","url":"https:\/\/pkf.hu\/wp-content\/uploads\/2024\/12\/pexels-jakubzerdzicki-16098005.jpg","contentUrl":"https:\/\/pkf.hu\/wp-content\/uploads\/2024\/12\/pexels-jakubzerdzicki-16098005.jpg","width":2550,"height":1700},{"@type":"BreadcrumbList","@id":"https:\/\/pkf.hu\/en\/2024\/12\/13\/the-vat-credit-may-only-be-utilised-during-the-operation-of-the-taxable-person\/#breadcrumb","itemListElement":[{"@type":"ListItem","position":1,"name":"Kezd\u0151lap","item":"https:\/\/pkf.hu\/en\/"},{"@type":"ListItem","position":2,"name":"The VAT credit may only be utilised during the operation of the taxable person"}]},{"@type":"WebSite","@id":"https:\/\/pkf.hu\/en\/#website","url":"https:\/\/pkf.hu\/en\/","name":"PKF Hungary","description":"","potentialAction":[{"@type":"SearchAction","target":{"@type":"EntryPoint","urlTemplate":"https:\/\/pkf.hu\/en\/?s={search_term_string}"},"query-input":{"@type":"PropertyValueSpecification","valueRequired":true,"valueName":"search_term_string"}}],"inLanguage":"en-US"},{"@type":"Person","@id":"https:\/\/pkf.hu\/en\/#\/schema\/person\/81ea83c7efe34cb944392c7310915eaf","name":"Sel\u00e9nyi Andr\u00e1s","image":{"@type":"ImageObject","inLanguage":"en-US","@id":"https:\/\/secure.gravatar.com\/avatar\/c89371d108abb16d678df2df6d523a0e154958ecda01989676ddfc1b08e831b3?s=96&d=mm&r=g","url":"https:\/\/secure.gravatar.com\/avatar\/c89371d108abb16d678df2df6d523a0e154958ecda01989676ddfc1b08e831b3?s=96&d=mm&r=g","contentUrl":"https:\/\/secure.gravatar.com\/avatar\/c89371d108abb16d678df2df6d523a0e154958ecda01989676ddfc1b08e831b3?s=96&d=mm&r=g","caption":"Sel\u00e9nyi Andr\u00e1s"},"sameAs":["http:\/\/pkf.hu"],"url":"https:\/\/pkf.hu\/en\/author\/selenyi-andras\/"}]}},"_links":{"self":[{"href":"https:\/\/pkf.hu\/en\/wp-json\/wp\/v2\/posts\/3461","targetHints":{"allow":["GET"]}}],"collection":[{"href":"https:\/\/pkf.hu\/en\/wp-json\/wp\/v2\/posts"}],"about":[{"href":"https:\/\/pkf.hu\/en\/wp-json\/wp\/v2\/types\/post"}],"author":[{"embeddable":true,"href":"https:\/\/pkf.hu\/en\/wp-json\/wp\/v2\/users\/6"}],"replies":[{"embeddable":true,"href":"https:\/\/pkf.hu\/en\/wp-json\/wp\/v2\/comments?post=3461"}],"version-history":[{"count":0,"href":"https:\/\/pkf.hu\/en\/wp-json\/wp\/v2\/posts\/3461\/revisions"}],"wp:featuredmedia":[{"embeddable":true,"href":"https:\/\/pkf.hu\/en\/wp-json\/wp\/v2\/media\/3465"}],"wp:attachment":[{"href":"https:\/\/pkf.hu\/en\/wp-json\/wp\/v2\/media?parent=3461"}],"wp:term":[{"taxonomy":"category","embeddable":true,"href":"https:\/\/pkf.hu\/en\/wp-json\/wp\/v2\/categories?post=3461"},{"taxonomy":"post_tag","embeddable":true,"href":"https:\/\/pkf.hu\/en\/wp-json\/wp\/v2\/tags?post=3461"}],"curies":[{"name":"wp","href":"https:\/\/api.w.org\/{rel}","templated":true}]}}